{"id":4,"date":"2011-12-04T10:43:00","date_gmt":"2011-12-04T10:43:00","guid":{"rendered":"http:\/\/blog.vonkiedrowski.com\/?p=4"},"modified":"2020-01-28T16:09:48","modified_gmt":"2020-01-28T16:09:48","slug":"solidaritaet-mit-den-eliten","status":"publish","type":"post","link":"http:\/\/blog.vonkiedrowski.com\/?p=4","title":{"rendered":"Solidarit\u00e4t mit den Eliten!"},"content":{"rendered":"\n<p>Nun ist sie im Angesicht der europ\u00e4ischen Krise wieder \nangebrochen, die Zeit der Solidarit\u00e4t. Es wurden Dummheiten gemacht, die\n deren Verursacher nicht ausbaden wollen. Es wurden fahrl\u00e4ssig Risiken \neingegangen, deren Folgen nun keiner akzeptieren will. Da erinnert man \nsich flugs des sch\u00f6nen Konzeptes des Abw\u00e4lzens unangenehmer Folgen des \neigenen Handelns auf Andere, der modernen Solidarit\u00e4t. Selbst ein Helmut\n Schmidt mit all seinem wirtschaftlichen Sachverstand kann es nicht \nlassen, in seine Analysen solche moralisierenden Appelle einzuflechten.<br>\nAber f\u00fcr wen wird denn da Solidarit\u00e4t eingefordert? F\u00fcr den griechischen\n Rentner, f\u00fcr den italienischen Arbeiter, die portugiesische \nalleinerziehende Mutter, die jetzt alle unter den Sparhaushalten leiden?\n &nbsp;Sind sie es, die in den letzten Jahren in Ihrer existentiellen Not die\n Haushalte ihrer L\u00e4ndern bis zum Rei\u00dfen strapaziert haben? &nbsp;Die das \nganze Geld zum Bestreiten ihres bescheidenen Lebens aufgebraucht haben? \nMitnichten! Die Macht- und Wirtschaftseliten der betroffenen L\u00e4nder sind\n es, die den Ruin der Haushalte zu verantworten habe, und ein guter Teil\n des jetzt fehlenden Geldes ist von eben jenen Eliten in der Schweiz \noder den Cayman Islands beiseite geschafft worden. Griechische Reeder, \ndie keine Steuern bezahlen, italienische Politiker, die sich dank \n&nbsp;dubioser Verbindungen seit Jahren an staatlichen Fleischt\u00f6pfen laben \noder irische Immobilienspekulanten, die ihren Landleuten Milliarden an \nDefiziten und ein paar \u00fcberspannte Villen hinterlassen haben, das sind \ndie Leute, bei denen das Geld verschwunden ist. &nbsp;Und denen soll die \nSolidarit\u00e4t des deutschen, finnischen und holl\u00e4ndischen Steuerzahlers \ngelten? Solange die nationale Politik der verschuldeten L\u00e4nder oder die \nEU es nicht schaffen, diese Milliarden anzuzapfen, um die von deren \nBesitzern geschaffenen oder fahrl\u00e4ssig in Kauf genommenen Defizite \nauszugleichen, ist es mehr als dreist, mit moralischer Pose das Geld von\n anderen einzufordern. Ach ja, apropos deutsche Machtelite, und wie seht\n die SPD \u00fcbrigens den Fall ihres ex-Finanzministers, der sich einen \nNachschlag auf seine eh schon \u00fcppige Rente vor Gericht erstreitet? Es \nist im Vergleich kein gro\u00dfer Betrag, und er mag &nbsp;ein Recht darauf haben,\n aber wohlfeiles Geschw\u00e4tz von der gemeinsamen Verantwortung f\u00fcr das \nGemeinwohl kann man sich dann wohl sparen.<br>\nNun sind die Verh\u00e4ltnisse im zerr\u00fctteten Europa so, wie sie sind, und \nPolitik mu\u00df mit ihnen zurechtkommen. Man kann also \u00fcber unappetitliche \nAlternativen sprechen, \u00fcber notwendige Rettungen, \u00fcber Einschr\u00e4nkungen \nund Kosten, vielleicht auch \u00fcber Wachstum, Wettbewerbsf\u00e4higkeit oder \nExporte, aber in dieser Situation von Solidarit\u00e4t zu sprechen, ist von \nihrem korrupten System verhafteten s\u00fcdeurop\u00e4ischen Politikern eine ans \nkriminelle grenzende Frechheit, und von deutschen Altbundeskanzlern \nimmer noch schwer ertr\u00e4glich.<\/p>\n\n\n\n<p>Bezieht sich auf: <a href=\"https:\/\/www.zeit.de\/politik\/deutschland\/2011-12\/spd-parteitag-helmut-schmidt-europa\">https:\/\/www.zeit.de\/politik\/deutschland\/2011-12\/spd-parteitag-helmut-schmidt-europa<\/a><\/p>\n","protected":false},"excerpt":{"rendered":"<p>Nun ist sie im Angesicht der europ\u00e4ischen Krise wieder angebrochen, die Zeit der Solidarit\u00e4t. Es wurden Dummheiten gemacht, die deren Verursacher nicht ausbaden wollen. Es wurden fahrl\u00e4ssig Risiken eingegangen, deren Folgen nun keiner akzeptieren will. Da erinnert man sich flugs des sch\u00f6nen Konzeptes des Abw\u00e4lzens unangenehmer Folgen des eigenen Handelns auf Andere, der modernen Solidarit\u00e4t. &hellip; <\/p>\n<p class=\"link-more\"><a href=\"http:\/\/blog.vonkiedrowski.com\/?p=4\" class=\"more-link\"><span class=\"screen-reader-text\">\u201eSolidarit\u00e4t mit den Eliten!\u201c <\/span>weiterlesen<\/a><\/p>\n","protected":false},"author":1,"featured_media":0,"comment_status":"open","ping_status":"open","sticky":false,"template":"","format":"standard","meta":{"footnotes":""},"categories":[1],"tags":[],"_links":{"self":[{"href":"http:\/\/blog.vonkiedrowski.com\/index.php?rest_route=\/wp\/v2\/posts\/4"}],"collection":[{"href":"http:\/\/blog.vonkiedrowski.com\/index.php?rest_route=\/wp\/v2\/posts"}],"about":[{"href":"http:\/\/blog.vonkiedrowski.com\/index.php?rest_route=\/wp\/v2\/types\/post"}],"author":[{"embeddable":true,"href":"http:\/\/blog.vonkiedrowski.com\/index.php?rest_route=\/wp\/v2\/users\/1"}],"replies":[{"embeddable":true,"href":"http:\/\/blog.vonkiedrowski.com\/index.php?rest_route=%2Fwp%2Fv2%2Fcomments&post=4"}],"version-history":[{"count":1,"href":"http:\/\/blog.vonkiedrowski.com\/index.php?rest_route=\/wp\/v2\/posts\/4\/revisions"}],"predecessor-version":[{"id":5,"href":"http:\/\/blog.vonkiedrowski.com\/index.php?rest_route=\/wp\/v2\/posts\/4\/revisions\/5"}],"wp:attachment":[{"href":"http:\/\/blog.vonkiedrowski.com\/index.php?rest_route=%2Fwp%2Fv2%2Fmedia&parent=4"}],"wp:term":[{"taxonomy":"category","embeddable":true,"href":"http:\/\/blog.vonkiedrowski.com\/index.php?rest_route=%2Fwp%2Fv2%2Fcategories&post=4"},{"taxonomy":"post_tag","embeddable":true,"href":"http:\/\/blog.vonkiedrowski.com\/index.php?rest_route=%2Fwp%2Fv2%2Ftags&post=4"}],"curies":[{"name":"wp","href":"https:\/\/api.w.org\/{rel}","templated":true}]}}