{"id":11,"date":"2019-07-26T10:49:00","date_gmt":"2019-07-26T10:49:00","guid":{"rendered":"http:\/\/blog.vonkiedrowski.com\/?p=11"},"modified":"2020-01-28T16:08:14","modified_gmt":"2020-01-28T16:08:14","slug":"habecks-heuchelei","status":"publish","type":"post","link":"http:\/\/blog.vonkiedrowski.com\/?p=11","title":{"rendered":"Habecks Heuchelei"},"content":{"rendered":"\n<p>Ich fass es ja nicht: Da verteidigt der Vorsitzende der Gr\u00fcnen  allen Ernstes einen der hirnlosesten existierenden Binnenflugeneratoren,  die seit Jahrzehnten andauernde, v\u00f6llig unsinnige Aufteilung des  Regierungssitzes zwischen Bonn und Berlin, und druckst rum, er m\u00fcsse ja  auch fliegen, so sei der Job nun mal, wenn man um 9 Uhr in  ich-weiss-nicht-wo sein m\u00fcsse. Kaum wird er irgendwo als n\u00e4chster  Kanzler gehandelt, ist Klimaschutz nur noch eine Nebensache neben  Apparat-beschwichtigender  \u201cStrukturpolitik\u201d. Und in anderen Interviews schw\u00e4rmen die Gr\u00fcnen dann  von Greta und moralisieren rum, dass man sich f\u00fcr die Klimabilanz bitte  in \u00fcberf\u00fcllte Pendlerz\u00fcge mit schlechten Anschl\u00fcssen quetschen m\u00f6chte  bei 35 Grad im Schatten, und ja nicht in die Ferien fliegen solle? Alle  anderen \u2013 oft guten \u2013 Ideen (Kerosin besteuern, Bahn ausbauen etc.)  werden zu leeren Polit-Phrasen angesichts solcher Heuchelei. Und dann  trinkt er auch noch aus einem Moma-Pappbecher, im Studio, vermutlich  f\u00fcnf Meter vom Kaffeeautomaten entfernt\u2026Egal, ich steige jetzt in meinen  6-Liter Zw\u00f6lfzylinder und fahr mir einen Keks holen, zur Beruhigung.<\/p>\n\n\n\n<p>Bezieht sich auf: <a href=\"https:\/\/www.n-tv.de\/politik\/Habeck-haelt-an-Berlin-Bonn-Aufteilung-fest-article21169758.html?fbclid=IwAR1gI7TYjNIKIHOwl7o2oTzKA6wVb-LlyPc2mwQ4QZg28X-3vKEQyj_AS8Q\">https:\/\/www.n-tv.de\/politik\/Habeck-haelt-an-Berlin-Bonn-Aufteilung-fest-article21169758.html?fbclid=IwAR1gI7TYjNIKIHOwl7o2oTzKA6wVb-LlyPc2mwQ4QZg28X-3vKEQyj_AS8Q<\/a><\/p>\n","protected":false},"excerpt":{"rendered":"<p>Ich fass es ja nicht: Da verteidigt der Vorsitzende der Gr\u00fcnen allen Ernstes einen der hirnlosesten existierenden Binnenflugeneratoren, die seit Jahrzehnten andauernde, v\u00f6llig unsinnige Aufteilung des Regierungssitzes zwischen Bonn und Berlin, und druckst rum, er m\u00fcsse ja auch fliegen, so sei der Job nun mal, wenn man um 9 Uhr in ich-weiss-nicht-wo sein m\u00fcsse. Kaum &hellip; <\/p>\n<p class=\"link-more\"><a href=\"http:\/\/blog.vonkiedrowski.com\/?p=11\" class=\"more-link\"><span class=\"screen-reader-text\">\u201eHabecks Heuchelei\u201c <\/span>weiterlesen<\/a><\/p>\n","protected":false},"author":1,"featured_media":0,"comment_status":"open","ping_status":"open","sticky":false,"template":"","format":"standard","meta":{"footnotes":""},"categories":[1],"tags":[],"_links":{"self":[{"href":"http:\/\/blog.vonkiedrowski.com\/index.php?rest_route=\/wp\/v2\/posts\/11"}],"collection":[{"href":"http:\/\/blog.vonkiedrowski.com\/index.php?rest_route=\/wp\/v2\/posts"}],"about":[{"href":"http:\/\/blog.vonkiedrowski.com\/index.php?rest_route=\/wp\/v2\/types\/post"}],"author":[{"embeddable":true,"href":"http:\/\/blog.vonkiedrowski.com\/index.php?rest_route=\/wp\/v2\/users\/1"}],"replies":[{"embeddable":true,"href":"http:\/\/blog.vonkiedrowski.com\/index.php?rest_route=%2Fwp%2Fv2%2Fcomments&post=11"}],"version-history":[{"count":1,"href":"http:\/\/blog.vonkiedrowski.com\/index.php?rest_route=\/wp\/v2\/posts\/11\/revisions"}],"predecessor-version":[{"id":12,"href":"http:\/\/blog.vonkiedrowski.com\/index.php?rest_route=\/wp\/v2\/posts\/11\/revisions\/12"}],"wp:attachment":[{"href":"http:\/\/blog.vonkiedrowski.com\/index.php?rest_route=%2Fwp%2Fv2%2Fmedia&parent=11"}],"wp:term":[{"taxonomy":"category","embeddable":true,"href":"http:\/\/blog.vonkiedrowski.com\/index.php?rest_route=%2Fwp%2Fv2%2Fcategories&post=11"},{"taxonomy":"post_tag","embeddable":true,"href":"http:\/\/blog.vonkiedrowski.com\/index.php?rest_route=%2Fwp%2Fv2%2Ftags&post=11"}],"curies":[{"name":"wp","href":"https:\/\/api.w.org\/{rel}","templated":true}]}}